{"id":253,"date":"2020-09-20T15:54:28","date_gmt":"2020-09-20T13:54:28","guid":{"rendered":"https:\/\/asso-sozen.com\/?p=253"},"modified":"2026-02-12T20:04:24","modified_gmt":"2026-02-12T19:04:24","slug":"activites-doctobre-2020","status":"publish","type":"post","link":"https:\/\/asso-sozen.com\/index.php\/2020\/09\/20\/activites-doctobre-2020\/","title":{"rendered":"Activit\u00e9s 2025-2026"},"content":{"rendered":"\n<p><\/p>\n\n\n\n<p><\/p>\n\n\n\n<ul style=\"font-size:24px\" class=\"wp-block-list has-vivid-green-cyan-color has-text-color\">\n<li><strong>Relaxation guid\u00e9e (yoga nidra) :<\/strong><\/li>\n<\/ul>\n\n\n\n<p style=\"font-size:18px\"><strong>un atelier relaxation (ados\/adultes<\/strong>)<em> &#8211;<strong> en<\/strong> <\/em><strong><em>petit groupe<\/em> &#8211;<\/strong> est propos\u00e9 <strong>un vendredi par mois<\/strong> de 17h30 \u00e0 18h45\/11h \u00e0 12h15 <strong>(pendant les vacances d&rsquo;autres jours et horaires sont propos\u00e9s)<\/strong> \u00e0 St Martin-Boulogne (Bad&rsquo;Huit) dans les locaux de SO&rsquo;Zen.<\/p>\n\n\n\n<figure class=\"wp-block-image aligncenter size-large is-resized\"><img fetchpriority=\"high\" decoding=\"async\" width=\"500\" height=\"500\" src=\"https:\/\/asso-sozen.com\/wp-content\/uploads\/2021\/09\/Relaxation-guidee-Ados-Adultes-SOZen.jpg\" alt=\"\" class=\"wp-image-348\" style=\"width:214px;height:214px\" srcset=\"https:\/\/asso-sozen.com\/wp-content\/uploads\/2021\/09\/Relaxation-guidee-Ados-Adultes-SOZen.jpg 500w, https:\/\/asso-sozen.com\/wp-content\/uploads\/2021\/09\/Relaxation-guidee-Ados-Adultes-SOZen-300x300.jpg 300w, https:\/\/asso-sozen.com\/wp-content\/uploads\/2021\/09\/Relaxation-guidee-Ados-Adultes-SOZen-150x150.jpg 150w\" sizes=\"(max-width: 500px) 100vw, 500px\" \/><\/figure>\n\n\n\n<div style=\"height:26px\" aria-hidden=\"true\" class=\"wp-block-spacer\"><\/div>\n\n\n\n<p class=\"has-text-align-center has-vivid-green-cyan-color has-text-color\" style=\"font-size:26px\"><strong>PROCHAINE RELAXATION <\/strong>SOLIDAIRE:<\/p>\n\n\n\n<p class=\"has-text-align-center has-vivid-green-cyan-color has-text-color\" style=\"font-size:26px\">Samedi 21 Mars de 10h30 \u00e0 11h45 en partenariat avec l&rsquo;association de sauvegarde de l&rsquo;\u00e9glise Saint Michel de Boulogne-Sur-Mer<\/p>\n\n\n\n<p>Les b\u00e9n\u00e9fices de cette relaxation seront revers\u00e9es \u00e0 l&rsquo;ASESM afin de restaurer la chapelle de Saint Michel<\/p>\n\n\n\n<p class=\"has-text-align-center has-vivid-green-cyan-color has-text-color\" style=\"font-size:26px\"><\/p>\n\n\n\n<p class=\"has-text-align-center\">Tarif : 12\u20ac (pour les adh\u00e9rents \u00e0 SO&rsquo;Zen ou \u00e0 l&rsquo;ASESM)\/15\u20ac pour les non-adh\u00e9rents<\/p>\n\n\n\n<p class=\"has-text-align-center has-black-color has-text-color has-small-font-size\">(12\u20ac pour les personnes en difficult\u00e9s financi\u00e8res \/12\u20ac pour les lyc\u00e9ens ou \u00e9tudiants)<\/p>\n\n\n\n<div class=\"wp-block-buttons is-layout-flex wp-block-buttons-is-layout-flex\">\n<div class=\"wp-block-button is-style-outline is-style-outline--1\"><a class=\"wp-block-button__link has-vivid-green-cyan-color has-text-color has-custom-font-size wp-element-button\" href=\"https:\/\/asso-sozen.com\/index.php\/contact\/\" style=\"border-radius:100px;font-size:18px\"><strong>Inscris toi d\u00e8s maintenant<\/strong><\/a><\/div>\n<\/div>\n\n\n\n<div style=\"height:28px\" aria-hidden=\"true\" class=\"wp-block-spacer\"><\/div>\n\n\n\n<div style=\"height:0px\" aria-hidden=\"true\" class=\"wp-block-spacer\"><\/div>\n\n\n\n<div style=\"height:0px\" aria-hidden=\"true\" class=\"wp-block-spacer\"><\/div>\n\n\n\n<hr class=\"wp-block-separator has-alpha-channel-opacity\"\/>\n\n\n\n<div style=\"height:43px\" aria-hidden=\"true\" class=\"wp-block-spacer\"><\/div>\n\n\n\n<ul style=\"font-size:24px\" class=\"wp-block-list has-luminous-vivid-orange-color has-text-color\">\n<li><strong>Ateliers \u00ab\u00a0z\u00e9nitude\u00a0\u00bb (Deux activit\u00e9s) <\/strong>:<\/li>\n<\/ul>\n\n\n\n<p style=\"font-size:18px\">sur <strong>une demi-journ\u00e9e<\/strong> ou de<strong> plusieurs  1\/2 journ\u00e9es au  choix <\/strong>&#8211; <strong>ados ou adultes\/ados + de 15 ans- <\/strong>seront propos\u00e9s pendant les vacances scolaires de F\u00e9vrier 2026- \u00e0 Saint-Martin-Boulogne dans les locaux de SO&rsquo;Zen.<\/p>\n\n\n\n<div style=\"height:22px\" aria-hidden=\"true\" class=\"wp-block-spacer\"><\/div>\n\n\n\n<figure class=\"wp-block-image aligncenter is-resized\"><img decoding=\"async\" width=\"188\" height=\"98\" src=\"https:\/\/asso-sozen.com\/wp-content\/uploads\/2020\/09\/images.jpg\" alt=\"\" class=\"wp-image-258\" style=\"width:243px;height:127px\"\/><\/figure>\n\n\n\n<div style=\"height:26px\" aria-hidden=\"true\" class=\"wp-block-spacer\"><\/div>\n\n\n\n<div class=\"wp-block-group is-layout-constrained wp-block-group-is-layout-constrained\">\n<p class=\"has-text-align-center has-vivid-cyan-blue-color has-text-color\" style=\"font-size:23px\"><strong><em>STAGE ADOS \u00ab\u00a0Pr\u00e9paration aux examens par le yoga et la relaxation\u00a0\u00bb <\/em><\/strong><\/p>\n\n\n\n<p class=\"has-text-align-center has-vivid-cyan-blue-color has-text-color\" style=\"font-size:23px\"><strong><em>r\u00e9serv\u00e9 aux \u00e9l\u00e8ves en classe de 3\u00e9me, premi\u00e8re, terminale<\/em><\/strong><\/p>\n<\/div>\n\n\n\n<p class=\"has-text-align-center has-black-color has-text-color\" style=\"font-size:24px\">  5 matin\u00e9es d&rsquo;ateliers bien-\u00eatre en mini-groupe de 4 personnes<\/p>\n\n\n\n<p class=\"has-text-align-center has-black-color has-text-color\" style=\"font-size:24px\">  Au cours de ce stage seront propos\u00e9es des s\u00e9ances de yoga, de relaxation et des apports th\u00e9oriques pour mieux comprendre ce qu&rsquo;est le stress et apprendre \u00e0 le g\u00e9rer, \u00e0 l\u00e2cher-prise avant et pendant les examens.  <\/p>\n\n\n\n<p class=\"has-text-align-center has-black-color has-text-color\" style=\"font-size:24px\">&nbsp;Tarif : 180\u20ac&nbsp;les 5 matin\u00e9es ou 45\u20ac la matin\u00e9e<strong> &nbsp;<\/strong><\/p>\n\n\n\n<div class=\"wp-block-group is-layout-constrained wp-block-group-is-layout-constrained\"><\/div>\n\n\n\n<p><\/p>\n\n\n\n<div class=\"wp-block-buttons is-layout-flex wp-block-buttons-is-layout-flex\">\n<div class=\"wp-block-button is-style-outline is-style-outline--2\"><a class=\"wp-block-button__link has-luminous-vivid-orange-color has-text-color has-text-align-left has-custom-font-size wp-element-button\" href=\"https:\/\/asso-sozen.com\/index.php\/contact\/\" style=\"font-size:18px\"><strong>Inscris toi d\u00e8s maintenant<\/strong><\/a><\/div>\n<\/div>\n\n\n\n<p><\/p>\n\n\n\n<figure class=\"wp-block-image aligncenter size-large is-resized\"><img decoding=\"async\" width=\"1024\" height=\"576\" src=\"https:\/\/asso-sozen.com\/wp-content\/uploads\/2024\/01\/88214961_212406496807138_5229627534810808320_o-1024x576.jpg\" alt=\"\" class=\"wp-image-1118\" style=\"width:299px;height:auto\" srcset=\"https:\/\/asso-sozen.com\/wp-content\/uploads\/2024\/01\/88214961_212406496807138_5229627534810808320_o-1024x576.jpg 1024w, https:\/\/asso-sozen.com\/wp-content\/uploads\/2024\/01\/88214961_212406496807138_5229627534810808320_o-300x169.jpg 300w, https:\/\/asso-sozen.com\/wp-content\/uploads\/2024\/01\/88214961_212406496807138_5229627534810808320_o-768x432.jpg 768w, https:\/\/asso-sozen.com\/wp-content\/uploads\/2024\/01\/88214961_212406496807138_5229627534810808320_o.jpg 1280w\" sizes=\"(max-width: 1024px) 100vw, 1024px\" \/><\/figure>\n\n\n\n<div class=\"wp-block-group is-layout-constrained wp-block-group-is-layout-constrained\">\n<p class=\"has-text-align-center has-vivid-cyan-blue-color has-text-color\" style=\"font-size:23px\"><strong><em>Atelier z\u00e9nitude \u00ab\u00a0Yogrelax\u00a0\u00bb <\/em><\/strong>adultes\/ados de plus de 15 ans<\/p>\n<\/div>\n\n\n\n<p class=\"has-text-align-center has-black-color has-text-color\" style=\"font-size:24px\"><strong>Samedi  07 Mars 2026 de 9h30 \u00e0 12h15<\/strong><\/p>\n\n\n\n<p class=\"has-text-align-center has-black-color has-text-color\" style=\"font-size:24px\"><strong>&nbsp;<\/strong> une demi-journ\u00e9e comprenant deux activit\u00e9s bien-\u00eatre: <\/p>\n\n\n\n<p class=\"has-text-align-center has-black-color has-text-color\" style=\"font-size:24px\"><strong>&nbsp;<\/strong>une s\u00e9ance de yoga postural et s\u00e9ance de relaxation,<\/p>\n\n\n\n<p class=\"has-text-align-center has-medium-font-size\"> une boisson sera offerte pendant la pause<\/p>\n\n\n\n<p class=\"has-text-align-center\"> Tarif : 40\u20ac (35\u20ac pour les yogis inscrits \u00e0 l&rsquo;ann\u00e9e au cours de yoga SO&rsquo;Zen)<\/p>\n\n\n\n<p class=\"has-medium-font-size\"><\/p>\n\n\n\n<div class=\"wp-block-buttons is-layout-flex wp-block-buttons-is-layout-flex\">\n<div class=\"wp-block-button is-style-outline is-style-outline--3\"><a class=\"wp-block-button__link has-black-color has-text-color has-text-align-left has-custom-font-size wp-element-button\" href=\"https:\/\/asso-sozen.com\/index.php\/contact\/\" style=\"border-radius:100px;font-size:18px\"><strong>Inscris toi d\u00e8s maintenant<\/strong><\/a><\/div>\n<\/div>\n\n\n\n<p class=\"has-text-align-center has-large-font-size\"><\/p>\n\n\n\n<div style=\"height:127px\" aria-hidden=\"true\" class=\"wp-block-spacer\"><\/div>\n\n\n\n<p><\/p>\n\n\n\n<p class=\"has-text-align-center\"><\/p>\n\n\n\n<h2 class=\"wp-block-heading\"><\/h2>\n\n\n\n<p><\/p>\n","protected":false},"excerpt":{"rendered":"<p>un atelier relaxation (ados\/adultes) &#8211; en petit groupe &#8211; est propos\u00e9 un vendredi par mois de 17h30 \u00e0 18h45\/11h \u00e0 12h15 (pendant les vacances d&rsquo;autres jours et horaires sont propos\u00e9s) \u00e0 St Martin-Boulogne (Bad&rsquo;Huit) dans les locaux de SO&rsquo;Zen. PROCHAINE RELAXATION SOLIDAIRE: Samedi 21 Mars de 10h30 \u00e0 11h45 en partenariat avec l&rsquo;association de sauvegarde [&hellip;]<\/p>\n","protected":false},"author":1,"featured_media":0,"comment_status":"closed","ping_status":"open","sticky":false,"template":"","format":"standard","meta":{"footnotes":""},"categories":[12],"tags":[],"class_list":["post-253","post","type-post","status-publish","format-standard","hentry","category-activites-a-venir"],"yoast_head":"<!-- This site is optimized with the Yoast SEO plugin v27.5 - https:\/\/yoast.com\/product\/yoast-seo-wordpress\/ -->\n<title>Activit\u00e9s 2025-2026 - SO&#039;Zen<\/title>\n<meta name=\"robots\" content=\"index, follow, max-snippet:-1, max-image-preview:large, max-video-preview:-1\" \/>\n<link rel=\"canonical\" href=\"https:\/\/asso-sozen.com\/index.php\/2020\/09\/20\/activites-doctobre-2020\/\" \/>\n<meta property=\"og:locale\" content=\"fr_FR\" \/>\n<meta property=\"og:type\" content=\"article\" \/>\n<meta property=\"og:title\" content=\"Activit\u00e9s 2025-2026 - SO&#039;Zen\" \/>\n<meta property=\"og:description\" content=\"un atelier relaxation (ados\/adultes) &#8211; en petit groupe &#8211; est propos\u00e9 un vendredi par mois de 17h30 \u00e0 18h45\/11h \u00e0 12h15 (pendant les vacances d&rsquo;autres jours et horaires sont propos\u00e9s) \u00e0 St Martin-Boulogne (Bad&rsquo;Huit) dans les locaux de SO&rsquo;Zen. PROCHAINE RELAXATION SOLIDAIRE: Samedi 21 Mars de 10h30 \u00e0 11h45 en partenariat avec l&rsquo;association de sauvegarde [&hellip;]\" \/>\n<meta property=\"og:url\" content=\"https:\/\/asso-sozen.com\/index.php\/2020\/09\/20\/activites-doctobre-2020\/\" \/>\n<meta property=\"og:site_name\" content=\"SO&#039;Zen\" \/>\n<meta property=\"article:published_time\" content=\"2020-09-20T13:54:28+00:00\" \/>\n<meta property=\"article:modified_time\" content=\"2026-02-12T19:04:24+00:00\" \/>\n<meta property=\"og:image\" content=\"https:\/\/asso-sozen.com\/wp-content\/uploads\/2021\/09\/Relaxation-guidee-Ados-Adultes-SOZen.jpg\" \/>\n\t<meta property=\"og:image:width\" content=\"500\" \/>\n\t<meta property=\"og:image:height\" content=\"500\" \/>\n\t<meta property=\"og:image:type\" content=\"image\/jpeg\" \/>\n<meta name=\"author\" content=\"So\" \/>\n<meta name=\"twitter:card\" content=\"summary_large_image\" \/>\n<meta name=\"twitter:label1\" content=\"\u00c9crit par\" \/>\n\t<meta name=\"twitter:data1\" content=\"So\" \/>\n\t<meta name=\"twitter:label2\" content=\"Dur\u00e9e de lecture estim\u00e9e\" \/>\n\t<meta name=\"twitter:data2\" content=\"3 minutes\" \/>\n<script type=\"application\/ld+json\" class=\"yoast-schema-graph\">{\"@context\":\"https:\\\/\\\/schema.org\",\"@graph\":[{\"@type\":\"Article\",\"@id\":\"https:\\\/\\\/asso-sozen.com\\\/index.php\\\/2020\\\/09\\\/20\\\/activites-doctobre-2020\\\/#article\",\"isPartOf\":{\"@id\":\"https:\\\/\\\/asso-sozen.com\\\/index.php\\\/2020\\\/09\\\/20\\\/activites-doctobre-2020\\\/\"},\"author\":{\"name\":\"So\",\"@id\":\"https:\\\/\\\/asso-sozen.com\\\/#\\\/schema\\\/person\\\/5447be38b9e8ec33a446c0273d8fdbdd\"},\"headline\":\"Activit\u00e9s 2025-2026\",\"datePublished\":\"2020-09-20T13:54:28+00:00\",\"dateModified\":\"2026-02-12T19:04:24+00:00\",\"mainEntityOfPage\":{\"@id\":\"https:\\\/\\\/asso-sozen.com\\\/index.php\\\/2020\\\/09\\\/20\\\/activites-doctobre-2020\\\/\"},\"wordCount\":308,\"publisher\":{\"@id\":\"https:\\\/\\\/asso-sozen.com\\\/#organization\"},\"image\":{\"@id\":\"https:\\\/\\\/asso-sozen.com\\\/index.php\\\/2020\\\/09\\\/20\\\/activites-doctobre-2020\\\/#primaryimage\"},\"thumbnailUrl\":\"https:\\\/\\\/asso-sozen.com\\\/wp-content\\\/uploads\\\/2021\\\/09\\\/Relaxation-guidee-Ados-Adultes-SOZen.jpg\",\"articleSection\":[\"Activit\u00e9s \u00e0 venir\"],\"inLanguage\":\"fr-FR\"},{\"@type\":\"WebPage\",\"@id\":\"https:\\\/\\\/asso-sozen.com\\\/index.php\\\/2020\\\/09\\\/20\\\/activites-doctobre-2020\\\/\",\"url\":\"https:\\\/\\\/asso-sozen.com\\\/index.php\\\/2020\\\/09\\\/20\\\/activites-doctobre-2020\\\/\",\"name\":\"Activit\u00e9s 2025-2026 - SO&#039;Zen\",\"isPartOf\":{\"@id\":\"https:\\\/\\\/asso-sozen.com\\\/#website\"},\"primaryImageOfPage\":{\"@id\":\"https:\\\/\\\/asso-sozen.com\\\/index.php\\\/2020\\\/09\\\/20\\\/activites-doctobre-2020\\\/#primaryimage\"},\"image\":{\"@id\":\"https:\\\/\\\/asso-sozen.com\\\/index.php\\\/2020\\\/09\\\/20\\\/activites-doctobre-2020\\\/#primaryimage\"},\"thumbnailUrl\":\"https:\\\/\\\/asso-sozen.com\\\/wp-content\\\/uploads\\\/2021\\\/09\\\/Relaxation-guidee-Ados-Adultes-SOZen.jpg\",\"datePublished\":\"2020-09-20T13:54:28+00:00\",\"dateModified\":\"2026-02-12T19:04:24+00:00\",\"breadcrumb\":{\"@id\":\"https:\\\/\\\/asso-sozen.com\\\/index.php\\\/2020\\\/09\\\/20\\\/activites-doctobre-2020\\\/#breadcrumb\"},\"inLanguage\":\"fr-FR\",\"potentialAction\":[{\"@type\":\"ReadAction\",\"target\":[\"https:\\\/\\\/asso-sozen.com\\\/index.php\\\/2020\\\/09\\\/20\\\/activites-doctobre-2020\\\/\"]}]},{\"@type\":\"ImageObject\",\"inLanguage\":\"fr-FR\",\"@id\":\"https:\\\/\\\/asso-sozen.com\\\/index.php\\\/2020\\\/09\\\/20\\\/activites-doctobre-2020\\\/#primaryimage\",\"url\":\"https:\\\/\\\/asso-sozen.com\\\/wp-content\\\/uploads\\\/2021\\\/09\\\/Relaxation-guidee-Ados-Adultes-SOZen.jpg\",\"contentUrl\":\"https:\\\/\\\/asso-sozen.com\\\/wp-content\\\/uploads\\\/2021\\\/09\\\/Relaxation-guidee-Ados-Adultes-SOZen.jpg\",\"width\":500,\"height\":500},{\"@type\":\"BreadcrumbList\",\"@id\":\"https:\\\/\\\/asso-sozen.com\\\/index.php\\\/2020\\\/09\\\/20\\\/activites-doctobre-2020\\\/#breadcrumb\",\"itemListElement\":[{\"@type\":\"ListItem\",\"position\":1,\"name\":\"Accueil\",\"item\":\"https:\\\/\\\/asso-sozen.com\\\/\"},{\"@type\":\"ListItem\",\"position\":2,\"name\":\"Activit\u00e9s \u00e0 venir\",\"item\":\"https:\\\/\\\/asso-sozen.com\\\/index.php\\\/activites-a-venir\\\/\"},{\"@type\":\"ListItem\",\"position\":3,\"name\":\"Activit\u00e9s 2025-2026\"}]},{\"@type\":\"WebSite\",\"@id\":\"https:\\\/\\\/asso-sozen.com\\\/#website\",\"url\":\"https:\\\/\\\/asso-sozen.com\\\/\",\"name\":\"SO&#039;Zen\",\"description\":\"\",\"publisher\":{\"@id\":\"https:\\\/\\\/asso-sozen.com\\\/#organization\"},\"potentialAction\":[{\"@type\":\"SearchAction\",\"target\":{\"@type\":\"EntryPoint\",\"urlTemplate\":\"https:\\\/\\\/asso-sozen.com\\\/?s={search_term_string}\"},\"query-input\":{\"@type\":\"PropertyValueSpecification\",\"valueRequired\":true,\"valueName\":\"search_term_string\"}}],\"inLanguage\":\"fr-FR\"},{\"@type\":\"Organization\",\"@id\":\"https:\\\/\\\/asso-sozen.com\\\/#organization\",\"name\":\"SO&#039;Zen\",\"url\":\"https:\\\/\\\/asso-sozen.com\\\/\",\"logo\":{\"@type\":\"ImageObject\",\"inLanguage\":\"fr-FR\",\"@id\":\"https:\\\/\\\/asso-sozen.com\\\/#\\\/schema\\\/logo\\\/image\\\/\",\"url\":\"https:\\\/\\\/asso-sozen.com\\\/wp-content\\\/uploads\\\/2020\\\/07\\\/cropped-logoSOZEN512-2.png\",\"contentUrl\":\"https:\\\/\\\/asso-sozen.com\\\/wp-content\\\/uploads\\\/2020\\\/07\\\/cropped-logoSOZEN512-2.png\",\"width\":512,\"height\":289,\"caption\":\"SO&#039;Zen\"},\"image\":{\"@id\":\"https:\\\/\\\/asso-sozen.com\\\/#\\\/schema\\\/logo\\\/image\\\/\"}},{\"@type\":\"Person\",\"@id\":\"https:\\\/\\\/asso-sozen.com\\\/#\\\/schema\\\/person\\\/5447be38b9e8ec33a446c0273d8fdbdd\",\"name\":\"So\",\"image\":{\"@type\":\"ImageObject\",\"inLanguage\":\"fr-FR\",\"@id\":\"https:\\\/\\\/secure.gravatar.com\\\/avatar\\\/7913ed250f4c60a074e6d05ee1fe40c01301d2c3f778709568abfc6ed402b848?s=96&d=mm&r=g\",\"url\":\"https:\\\/\\\/secure.gravatar.com\\\/avatar\\\/7913ed250f4c60a074e6d05ee1fe40c01301d2c3f778709568abfc6ed402b848?s=96&d=mm&r=g\",\"contentUrl\":\"https:\\\/\\\/secure.gravatar.com\\\/avatar\\\/7913ed250f4c60a074e6d05ee1fe40c01301d2c3f778709568abfc6ed402b848?s=96&d=mm&r=g\",\"caption\":\"So\"},\"url\":\"https:\\\/\\\/asso-sozen.com\\\/index.php\\\/author\\\/admin9093\\\/\"}]}<\/script>\n<!-- \/ Yoast SEO plugin. -->","yoast_head_json":{"title":"Activit\u00e9s 2025-2026 - SO&#039;Zen","robots":{"index":"index","follow":"follow","max-snippet":"max-snippet:-1","max-image-preview":"max-image-preview:large","max-video-preview":"max-video-preview:-1"},"canonical":"https:\/\/asso-sozen.com\/index.php\/2020\/09\/20\/activites-doctobre-2020\/","og_locale":"fr_FR","og_type":"article","og_title":"Activit\u00e9s 2025-2026 - SO&#039;Zen","og_description":"un atelier relaxation (ados\/adultes) &#8211; en petit groupe &#8211; est propos\u00e9 un vendredi par mois de 17h30 \u00e0 18h45\/11h \u00e0 12h15 (pendant les vacances d&rsquo;autres jours et horaires sont propos\u00e9s) \u00e0 St Martin-Boulogne (Bad&rsquo;Huit) dans les locaux de SO&rsquo;Zen. PROCHAINE RELAXATION SOLIDAIRE: Samedi 21 Mars de 10h30 \u00e0 11h45 en partenariat avec l&rsquo;association de sauvegarde [&hellip;]","og_url":"https:\/\/asso-sozen.com\/index.php\/2020\/09\/20\/activites-doctobre-2020\/","og_site_name":"SO&#039;Zen","article_published_time":"2020-09-20T13:54:28+00:00","article_modified_time":"2026-02-12T19:04:24+00:00","og_image":[{"width":500,"height":500,"url":"https:\/\/asso-sozen.com\/wp-content\/uploads\/2021\/09\/Relaxation-guidee-Ados-Adultes-SOZen.jpg","type":"image\/jpeg"}],"author":"So","twitter_card":"summary_large_image","twitter_misc":{"\u00c9crit par":"So","Dur\u00e9e de lecture estim\u00e9e":"3 minutes"},"schema":{"@context":"https:\/\/schema.org","@graph":[{"@type":"Article","@id":"https:\/\/asso-sozen.com\/index.php\/2020\/09\/20\/activites-doctobre-2020\/#article","isPartOf":{"@id":"https:\/\/asso-sozen.com\/index.php\/2020\/09\/20\/activites-doctobre-2020\/"},"author":{"name":"So","@id":"https:\/\/asso-sozen.com\/#\/schema\/person\/5447be38b9e8ec33a446c0273d8fdbdd"},"headline":"Activit\u00e9s 2025-2026","datePublished":"2020-09-20T13:54:28+00:00","dateModified":"2026-02-12T19:04:24+00:00","mainEntityOfPage":{"@id":"https:\/\/asso-sozen.com\/index.php\/2020\/09\/20\/activites-doctobre-2020\/"},"wordCount":308,"publisher":{"@id":"https:\/\/asso-sozen.com\/#organization"},"image":{"@id":"https:\/\/asso-sozen.com\/index.php\/2020\/09\/20\/activites-doctobre-2020\/#primaryimage"},"thumbnailUrl":"https:\/\/asso-sozen.com\/wp-content\/uploads\/2021\/09\/Relaxation-guidee-Ados-Adultes-SOZen.jpg","articleSection":["Activit\u00e9s \u00e0 venir"],"inLanguage":"fr-FR"},{"@type":"WebPage","@id":"https:\/\/asso-sozen.com\/index.php\/2020\/09\/20\/activites-doctobre-2020\/","url":"https:\/\/asso-sozen.com\/index.php\/2020\/09\/20\/activites-doctobre-2020\/","name":"Activit\u00e9s 2025-2026 - SO&#039;Zen","isPartOf":{"@id":"https:\/\/asso-sozen.com\/#website"},"primaryImageOfPage":{"@id":"https:\/\/asso-sozen.com\/index.php\/2020\/09\/20\/activites-doctobre-2020\/#primaryimage"},"image":{"@id":"https:\/\/asso-sozen.com\/index.php\/2020\/09\/20\/activites-doctobre-2020\/#primaryimage"},"thumbnailUrl":"https:\/\/asso-sozen.com\/wp-content\/uploads\/2021\/09\/Relaxation-guidee-Ados-Adultes-SOZen.jpg","datePublished":"2020-09-20T13:54:28+00:00","dateModified":"2026-02-12T19:04:24+00:00","breadcrumb":{"@id":"https:\/\/asso-sozen.com\/index.php\/2020\/09\/20\/activites-doctobre-2020\/#breadcrumb"},"inLanguage":"fr-FR","potentialAction":[{"@type":"ReadAction","target":["https:\/\/asso-sozen.com\/index.php\/2020\/09\/20\/activites-doctobre-2020\/"]}]},{"@type":"ImageObject","inLanguage":"fr-FR","@id":"https:\/\/asso-sozen.com\/index.php\/2020\/09\/20\/activites-doctobre-2020\/#primaryimage","url":"https:\/\/asso-sozen.com\/wp-content\/uploads\/2021\/09\/Relaxation-guidee-Ados-Adultes-SOZen.jpg","contentUrl":"https:\/\/asso-sozen.com\/wp-content\/uploads\/2021\/09\/Relaxation-guidee-Ados-Adultes-SOZen.jpg","width":500,"height":500},{"@type":"BreadcrumbList","@id":"https:\/\/asso-sozen.com\/index.php\/2020\/09\/20\/activites-doctobre-2020\/#breadcrumb","itemListElement":[{"@type":"ListItem","position":1,"name":"Accueil","item":"https:\/\/asso-sozen.com\/"},{"@type":"ListItem","position":2,"name":"Activit\u00e9s \u00e0 venir","item":"https:\/\/asso-sozen.com\/index.php\/activites-a-venir\/"},{"@type":"ListItem","position":3,"name":"Activit\u00e9s 2025-2026"}]},{"@type":"WebSite","@id":"https:\/\/asso-sozen.com\/#website","url":"https:\/\/asso-sozen.com\/","name":"SO&#039;Zen","description":"","publisher":{"@id":"https:\/\/asso-sozen.com\/#organization"},"potentialAction":[{"@type":"SearchAction","target":{"@type":"EntryPoint","urlTemplate":"https:\/\/asso-sozen.com\/?s={search_term_string}"},"query-input":{"@type":"PropertyValueSpecification","valueRequired":true,"valueName":"search_term_string"}}],"inLanguage":"fr-FR"},{"@type":"Organization","@id":"https:\/\/asso-sozen.com\/#organization","name":"SO&#039;Zen","url":"https:\/\/asso-sozen.com\/","logo":{"@type":"ImageObject","inLanguage":"fr-FR","@id":"https:\/\/asso-sozen.com\/#\/schema\/logo\/image\/","url":"https:\/\/asso-sozen.com\/wp-content\/uploads\/2020\/07\/cropped-logoSOZEN512-2.png","contentUrl":"https:\/\/asso-sozen.com\/wp-content\/uploads\/2020\/07\/cropped-logoSOZEN512-2.png","width":512,"height":289,"caption":"SO&#039;Zen"},"image":{"@id":"https:\/\/asso-sozen.com\/#\/schema\/logo\/image\/"}},{"@type":"Person","@id":"https:\/\/asso-sozen.com\/#\/schema\/person\/5447be38b9e8ec33a446c0273d8fdbdd","name":"So","image":{"@type":"ImageObject","inLanguage":"fr-FR","@id":"https:\/\/secure.gravatar.com\/avatar\/7913ed250f4c60a074e6d05ee1fe40c01301d2c3f778709568abfc6ed402b848?s=96&d=mm&r=g","url":"https:\/\/secure.gravatar.com\/avatar\/7913ed250f4c60a074e6d05ee1fe40c01301d2c3f778709568abfc6ed402b848?s=96&d=mm&r=g","contentUrl":"https:\/\/secure.gravatar.com\/avatar\/7913ed250f4c60a074e6d05ee1fe40c01301d2c3f778709568abfc6ed402b848?s=96&d=mm&r=g","caption":"So"},"url":"https:\/\/asso-sozen.com\/index.php\/author\/admin9093\/"}]}},"_links":{"self":[{"href":"https:\/\/asso-sozen.com\/index.php\/wp-json\/wp\/v2\/posts\/253","targetHints":{"allow":["GET"]}}],"collection":[{"href":"https:\/\/asso-sozen.com\/index.php\/wp-json\/wp\/v2\/posts"}],"about":[{"href":"https:\/\/asso-sozen.com\/index.php\/wp-json\/wp\/v2\/types\/post"}],"author":[{"embeddable":true,"href":"https:\/\/asso-sozen.com\/index.php\/wp-json\/wp\/v2\/users\/1"}],"replies":[{"embeddable":true,"href":"https:\/\/asso-sozen.com\/index.php\/wp-json\/wp\/v2\/comments?post=253"}],"version-history":[{"count":171,"href":"https:\/\/asso-sozen.com\/index.php\/wp-json\/wp\/v2\/posts\/253\/revisions"}],"predecessor-version":[{"id":1479,"href":"https:\/\/asso-sozen.com\/index.php\/wp-json\/wp\/v2\/posts\/253\/revisions\/1479"}],"wp:attachment":[{"href":"https:\/\/asso-sozen.com\/index.php\/wp-json\/wp\/v2\/media?parent=253"}],"wp:term":[{"taxonomy":"category","embeddable":true,"href":"https:\/\/asso-sozen.com\/index.php\/wp-json\/wp\/v2\/categories?post=253"},{"taxonomy":"post_tag","embeddable":true,"href":"https:\/\/asso-sozen.com\/index.php\/wp-json\/wp\/v2\/tags?post=253"}],"curies":[{"name":"wp","href":"https:\/\/api.w.org\/{rel}","templated":true}]}}