{"id":896,"date":"2022-12-08T17:20:24","date_gmt":"2022-12-08T16:20:24","guid":{"rendered":"https:\/\/asso-sozen.com\/?p=896"},"modified":"2022-12-09T18:20:12","modified_gmt":"2022-12-09T17:20:12","slug":"festival-des-bonnes-pratiques","status":"publish","type":"post","link":"https:\/\/asso-sozen.com\/index.php\/2022\/12\/08\/festival-des-bonnes-pratiques\/","title":{"rendered":"FESTIVAL DES BONNES PRATIQUES"},"content":{"rendered":"\n<p><strong>SO\u2019Zen se mobilise pour l&rsquo;apprentissage de bons gestes \u00e0 adopter<\/strong> pour la famille, la ville, la plan\u00e8te&nbsp;aux c\u00f4t\u00e9s des commer\u00e7ants et des acteurs locaux du d\u00e9veloppement durable<\/p>\n\n\n\n<p class=\"has-vivid-green-cyan-color has-text-color\" style=\"font-size:22px\">RENDEZ-VOUS pour <strong>le festival SENS DESSUS DESSOUS<\/strong> le&nbsp;<strong>Samedi 19 Septembre 2020<\/strong> dans le centre-ville de Boulogne Sur Mer.<\/p>\n\n\n\n<p class=\"has-medium-font-size\">Ouvert \u00e0 tous et gratuit avec de nombreuses animations autour des 5 sens.<\/p>\n\n\n\n<p class=\"has-medium-font-size\">Venez notamment tester votre <strong>adresse et votre \u00e9quilibre corps\/esprit gr\u00e2ce \u00e0 des postures de yoga et et des respirations.<\/strong><\/p>\n\n\n\n<div style=\"height:46px\" aria-hidden=\"true\" class=\"wp-block-spacer\"><\/div>\n\n\n\n<hr class=\"wp-block-separator has-alpha-channel-opacity\"\/>\n\n\n\n<div style=\"height:46px\" aria-hidden=\"true\" class=\"wp-block-spacer\"><\/div>\n\n\n\n<figure class=\"wp-block-image aligncenter size-full is-resized\"><img fetchpriority=\"high\" decoding=\"async\" src=\"https:\/\/asso-sozen.com\/wp-content\/uploads\/2022\/12\/119434765_124646849363406_8990609995405267311_n.jpeg\" alt=\"\" class=\"wp-image-897\" width=\"572\" height=\"429\" srcset=\"https:\/\/asso-sozen.com\/wp-content\/uploads\/2022\/12\/119434765_124646849363406_8990609995405267311_n.jpeg 960w, https:\/\/asso-sozen.com\/wp-content\/uploads\/2022\/12\/119434765_124646849363406_8990609995405267311_n-300x225.jpeg 300w, https:\/\/asso-sozen.com\/wp-content\/uploads\/2022\/12\/119434765_124646849363406_8990609995405267311_n-768x576.jpeg 768w\" sizes=\"(max-width: 572px) 100vw, 572px\" \/><\/figure>\n\n\n\n<div style=\"height:100px\" aria-hidden=\"true\" class=\"wp-block-spacer\"><\/div>\n","protected":false},"excerpt":{"rendered":"<p>SO\u2019Zen se mobilise pour l&rsquo;apprentissage de bons gestes \u00e0 adopter pour la famille, la ville, la plan\u00e8te&nbsp;aux c\u00f4t\u00e9s des commer\u00e7ants et des acteurs locaux du d\u00e9veloppement durable RENDEZ-VOUS pour le festival SENS DESSUS DESSOUS le&nbsp;Samedi 19 Septembre 2020 dans le centre-ville de Boulogne Sur Mer. Ouvert \u00e0 tous et gratuit avec de nombreuses animations autour [&hellip;]<\/p>\n","protected":false},"author":1,"featured_media":0,"comment_status":"open","ping_status":"open","sticky":false,"template":"","format":"standard","meta":{"footnotes":""},"categories":[13,1],"tags":[],"class_list":["post-896","post","type-post","status-publish","format-standard","hentry","category-actions-solidaires","category-non-classe"],"yoast_head":"<!-- This site is optimized with the Yoast SEO plugin v27.5 - https:\/\/yoast.com\/product\/yoast-seo-wordpress\/ -->\n<title>FESTIVAL DES BONNES PRATIQUES - SO&#039;Zen<\/title>\n<meta name=\"robots\" content=\"index, follow, max-snippet:-1, max-image-preview:large, max-video-preview:-1\" \/>\n<link rel=\"canonical\" href=\"https:\/\/asso-sozen.com\/index.php\/2022\/12\/08\/festival-des-bonnes-pratiques\/\" \/>\n<meta property=\"og:locale\" content=\"fr_FR\" \/>\n<meta property=\"og:type\" content=\"article\" \/>\n<meta property=\"og:title\" content=\"FESTIVAL DES BONNES PRATIQUES - SO&#039;Zen\" \/>\n<meta property=\"og:description\" content=\"SO\u2019Zen se mobilise pour l&rsquo;apprentissage de bons gestes \u00e0 adopter pour la famille, la ville, la plan\u00e8te&nbsp;aux c\u00f4t\u00e9s des commer\u00e7ants et des acteurs locaux du d\u00e9veloppement durable RENDEZ-VOUS pour le festival SENS DESSUS DESSOUS le&nbsp;Samedi 19 Septembre 2020 dans le centre-ville de Boulogne Sur Mer. Ouvert \u00e0 tous et gratuit avec de nombreuses animations autour [&hellip;]\" \/>\n<meta property=\"og:url\" content=\"https:\/\/asso-sozen.com\/index.php\/2022\/12\/08\/festival-des-bonnes-pratiques\/\" \/>\n<meta property=\"og:site_name\" content=\"SO&#039;Zen\" \/>\n<meta property=\"article:published_time\" content=\"2022-12-08T16:20:24+00:00\" \/>\n<meta property=\"article:modified_time\" content=\"2022-12-09T17:20:12+00:00\" \/>\n<meta property=\"og:image\" content=\"https:\/\/asso-sozen.com\/wp-content\/uploads\/2022\/12\/119434765_124646849363406_8990609995405267311_n.jpeg\" \/>\n<meta name=\"author\" content=\"So\" \/>\n<meta name=\"twitter:card\" content=\"summary_large_image\" \/>\n<meta name=\"twitter:label1\" content=\"\u00c9crit par\" \/>\n\t<meta name=\"twitter:data1\" content=\"So\" \/>\n\t<meta name=\"twitter:label2\" content=\"Dur\u00e9e de lecture estim\u00e9e\" \/>\n\t<meta name=\"twitter:data2\" content=\"1 minute\" \/>\n<script type=\"application\/ld+json\" class=\"yoast-schema-graph\">{\"@context\":\"https:\\\/\\\/schema.org\",\"@graph\":[{\"@type\":\"Article\",\"@id\":\"https:\\\/\\\/asso-sozen.com\\\/index.php\\\/2022\\\/12\\\/08\\\/festival-des-bonnes-pratiques\\\/#article\",\"isPartOf\":{\"@id\":\"https:\\\/\\\/asso-sozen.com\\\/index.php\\\/2022\\\/12\\\/08\\\/festival-des-bonnes-pratiques\\\/\"},\"author\":{\"name\":\"So\",\"@id\":\"https:\\\/\\\/asso-sozen.com\\\/#\\\/schema\\\/person\\\/5447be38b9e8ec33a446c0273d8fdbdd\"},\"headline\":\"FESTIVAL DES BONNES PRATIQUES\",\"datePublished\":\"2022-12-08T16:20:24+00:00\",\"dateModified\":\"2022-12-09T17:20:12+00:00\",\"mainEntityOfPage\":{\"@id\":\"https:\\\/\\\/asso-sozen.com\\\/index.php\\\/2022\\\/12\\\/08\\\/festival-des-bonnes-pratiques\\\/\"},\"wordCount\":87,\"commentCount\":0,\"publisher\":{\"@id\":\"https:\\\/\\\/asso-sozen.com\\\/#organization\"},\"image\":{\"@id\":\"https:\\\/\\\/asso-sozen.com\\\/index.php\\\/2022\\\/12\\\/08\\\/festival-des-bonnes-pratiques\\\/#primaryimage\"},\"thumbnailUrl\":\"https:\\\/\\\/asso-sozen.com\\\/wp-content\\\/uploads\\\/2022\\\/12\\\/119434765_124646849363406_8990609995405267311_n.jpeg\",\"articleSection\":[\"Actions Solidaires\"],\"inLanguage\":\"fr-FR\",\"potentialAction\":[{\"@type\":\"CommentAction\",\"name\":\"Comment\",\"target\":[\"https:\\\/\\\/asso-sozen.com\\\/index.php\\\/2022\\\/12\\\/08\\\/festival-des-bonnes-pratiques\\\/#respond\"]}]},{\"@type\":\"WebPage\",\"@id\":\"https:\\\/\\\/asso-sozen.com\\\/index.php\\\/2022\\\/12\\\/08\\\/festival-des-bonnes-pratiques\\\/\",\"url\":\"https:\\\/\\\/asso-sozen.com\\\/index.php\\\/2022\\\/12\\\/08\\\/festival-des-bonnes-pratiques\\\/\",\"name\":\"FESTIVAL DES BONNES PRATIQUES - SO&#039;Zen\",\"isPartOf\":{\"@id\":\"https:\\\/\\\/asso-sozen.com\\\/#website\"},\"primaryImageOfPage\":{\"@id\":\"https:\\\/\\\/asso-sozen.com\\\/index.php\\\/2022\\\/12\\\/08\\\/festival-des-bonnes-pratiques\\\/#primaryimage\"},\"image\":{\"@id\":\"https:\\\/\\\/asso-sozen.com\\\/index.php\\\/2022\\\/12\\\/08\\\/festival-des-bonnes-pratiques\\\/#primaryimage\"},\"thumbnailUrl\":\"https:\\\/\\\/asso-sozen.com\\\/wp-content\\\/uploads\\\/2022\\\/12\\\/119434765_124646849363406_8990609995405267311_n.jpeg\",\"datePublished\":\"2022-12-08T16:20:24+00:00\",\"dateModified\":\"2022-12-09T17:20:12+00:00\",\"breadcrumb\":{\"@id\":\"https:\\\/\\\/asso-sozen.com\\\/index.php\\\/2022\\\/12\\\/08\\\/festival-des-bonnes-pratiques\\\/#breadcrumb\"},\"inLanguage\":\"fr-FR\",\"potentialAction\":[{\"@type\":\"ReadAction\",\"target\":[\"https:\\\/\\\/asso-sozen.com\\\/index.php\\\/2022\\\/12\\\/08\\\/festival-des-bonnes-pratiques\\\/\"]}]},{\"@type\":\"ImageObject\",\"inLanguage\":\"fr-FR\",\"@id\":\"https:\\\/\\\/asso-sozen.com\\\/index.php\\\/2022\\\/12\\\/08\\\/festival-des-bonnes-pratiques\\\/#primaryimage\",\"url\":\"https:\\\/\\\/asso-sozen.com\\\/wp-content\\\/uploads\\\/2022\\\/12\\\/119434765_124646849363406_8990609995405267311_n.jpeg\",\"contentUrl\":\"https:\\\/\\\/asso-sozen.com\\\/wp-content\\\/uploads\\\/2022\\\/12\\\/119434765_124646849363406_8990609995405267311_n.jpeg\",\"width\":960,\"height\":720},{\"@type\":\"BreadcrumbList\",\"@id\":\"https:\\\/\\\/asso-sozen.com\\\/index.php\\\/2022\\\/12\\\/08\\\/festival-des-bonnes-pratiques\\\/#breadcrumb\",\"itemListElement\":[{\"@type\":\"ListItem\",\"position\":1,\"name\":\"Accueil\",\"item\":\"https:\\\/\\\/asso-sozen.com\\\/\"},{\"@type\":\"ListItem\",\"position\":2,\"name\":\"Non class\u00e9\",\"item\":\"https:\\\/\\\/asso-sozen.com\\\/index.php\\\/non-classe\\\/\"},{\"@type\":\"ListItem\",\"position\":3,\"name\":\"FESTIVAL DES BONNES PRATIQUES\"}]},{\"@type\":\"WebSite\",\"@id\":\"https:\\\/\\\/asso-sozen.com\\\/#website\",\"url\":\"https:\\\/\\\/asso-sozen.com\\\/\",\"name\":\"SO&#039;Zen\",\"description\":\"\",\"publisher\":{\"@id\":\"https:\\\/\\\/asso-sozen.com\\\/#organization\"},\"potentialAction\":[{\"@type\":\"SearchAction\",\"target\":{\"@type\":\"EntryPoint\",\"urlTemplate\":\"https:\\\/\\\/asso-sozen.com\\\/?s={search_term_string}\"},\"query-input\":{\"@type\":\"PropertyValueSpecification\",\"valueRequired\":true,\"valueName\":\"search_term_string\"}}],\"inLanguage\":\"fr-FR\"},{\"@type\":\"Organization\",\"@id\":\"https:\\\/\\\/asso-sozen.com\\\/#organization\",\"name\":\"SO&#039;Zen\",\"url\":\"https:\\\/\\\/asso-sozen.com\\\/\",\"logo\":{\"@type\":\"ImageObject\",\"inLanguage\":\"fr-FR\",\"@id\":\"https:\\\/\\\/asso-sozen.com\\\/#\\\/schema\\\/logo\\\/image\\\/\",\"url\":\"https:\\\/\\\/asso-sozen.com\\\/wp-content\\\/uploads\\\/2020\\\/07\\\/cropped-logoSOZEN512-2.png\",\"contentUrl\":\"https:\\\/\\\/asso-sozen.com\\\/wp-content\\\/uploads\\\/2020\\\/07\\\/cropped-logoSOZEN512-2.png\",\"width\":512,\"height\":289,\"caption\":\"SO&#039;Zen\"},\"image\":{\"@id\":\"https:\\\/\\\/asso-sozen.com\\\/#\\\/schema\\\/logo\\\/image\\\/\"}},{\"@type\":\"Person\",\"@id\":\"https:\\\/\\\/asso-sozen.com\\\/#\\\/schema\\\/person\\\/5447be38b9e8ec33a446c0273d8fdbdd\",\"name\":\"So\",\"image\":{\"@type\":\"ImageObject\",\"inLanguage\":\"fr-FR\",\"@id\":\"https:\\\/\\\/secure.gravatar.com\\\/avatar\\\/7913ed250f4c60a074e6d05ee1fe40c01301d2c3f778709568abfc6ed402b848?s=96&d=mm&r=g\",\"url\":\"https:\\\/\\\/secure.gravatar.com\\\/avatar\\\/7913ed250f4c60a074e6d05ee1fe40c01301d2c3f778709568abfc6ed402b848?s=96&d=mm&r=g\",\"contentUrl\":\"https:\\\/\\\/secure.gravatar.com\\\/avatar\\\/7913ed250f4c60a074e6d05ee1fe40c01301d2c3f778709568abfc6ed402b848?s=96&d=mm&r=g\",\"caption\":\"So\"},\"url\":\"https:\\\/\\\/asso-sozen.com\\\/index.php\\\/author\\\/admin9093\\\/\"}]}<\/script>\n<!-- \/ Yoast SEO plugin. -->","yoast_head_json":{"title":"FESTIVAL DES BONNES PRATIQUES - SO&#039;Zen","robots":{"index":"index","follow":"follow","max-snippet":"max-snippet:-1","max-image-preview":"max-image-preview:large","max-video-preview":"max-video-preview:-1"},"canonical":"https:\/\/asso-sozen.com\/index.php\/2022\/12\/08\/festival-des-bonnes-pratiques\/","og_locale":"fr_FR","og_type":"article","og_title":"FESTIVAL DES BONNES PRATIQUES - SO&#039;Zen","og_description":"SO\u2019Zen se mobilise pour l&rsquo;apprentissage de bons gestes \u00e0 adopter pour la famille, la ville, la plan\u00e8te&nbsp;aux c\u00f4t\u00e9s des commer\u00e7ants et des acteurs locaux du d\u00e9veloppement durable RENDEZ-VOUS pour le festival SENS DESSUS DESSOUS le&nbsp;Samedi 19 Septembre 2020 dans le centre-ville de Boulogne Sur Mer. Ouvert \u00e0 tous et gratuit avec de nombreuses animations autour [&hellip;]","og_url":"https:\/\/asso-sozen.com\/index.php\/2022\/12\/08\/festival-des-bonnes-pratiques\/","og_site_name":"SO&#039;Zen","article_published_time":"2022-12-08T16:20:24+00:00","article_modified_time":"2022-12-09T17:20:12+00:00","og_image":[{"url":"https:\/\/asso-sozen.com\/wp-content\/uploads\/2022\/12\/119434765_124646849363406_8990609995405267311_n.jpeg","type":"","width":"","height":""}],"author":"So","twitter_card":"summary_large_image","twitter_misc":{"\u00c9crit par":"So","Dur\u00e9e de lecture estim\u00e9e":"1 minute"},"schema":{"@context":"https:\/\/schema.org","@graph":[{"@type":"Article","@id":"https:\/\/asso-sozen.com\/index.php\/2022\/12\/08\/festival-des-bonnes-pratiques\/#article","isPartOf":{"@id":"https:\/\/asso-sozen.com\/index.php\/2022\/12\/08\/festival-des-bonnes-pratiques\/"},"author":{"name":"So","@id":"https:\/\/asso-sozen.com\/#\/schema\/person\/5447be38b9e8ec33a446c0273d8fdbdd"},"headline":"FESTIVAL DES BONNES PRATIQUES","datePublished":"2022-12-08T16:20:24+00:00","dateModified":"2022-12-09T17:20:12+00:00","mainEntityOfPage":{"@id":"https:\/\/asso-sozen.com\/index.php\/2022\/12\/08\/festival-des-bonnes-pratiques\/"},"wordCount":87,"commentCount":0,"publisher":{"@id":"https:\/\/asso-sozen.com\/#organization"},"image":{"@id":"https:\/\/asso-sozen.com\/index.php\/2022\/12\/08\/festival-des-bonnes-pratiques\/#primaryimage"},"thumbnailUrl":"https:\/\/asso-sozen.com\/wp-content\/uploads\/2022\/12\/119434765_124646849363406_8990609995405267311_n.jpeg","articleSection":["Actions Solidaires"],"inLanguage":"fr-FR","potentialAction":[{"@type":"CommentAction","name":"Comment","target":["https:\/\/asso-sozen.com\/index.php\/2022\/12\/08\/festival-des-bonnes-pratiques\/#respond"]}]},{"@type":"WebPage","@id":"https:\/\/asso-sozen.com\/index.php\/2022\/12\/08\/festival-des-bonnes-pratiques\/","url":"https:\/\/asso-sozen.com\/index.php\/2022\/12\/08\/festival-des-bonnes-pratiques\/","name":"FESTIVAL DES BONNES PRATIQUES - SO&#039;Zen","isPartOf":{"@id":"https:\/\/asso-sozen.com\/#website"},"primaryImageOfPage":{"@id":"https:\/\/asso-sozen.com\/index.php\/2022\/12\/08\/festival-des-bonnes-pratiques\/#primaryimage"},"image":{"@id":"https:\/\/asso-sozen.com\/index.php\/2022\/12\/08\/festival-des-bonnes-pratiques\/#primaryimage"},"thumbnailUrl":"https:\/\/asso-sozen.com\/wp-content\/uploads\/2022\/12\/119434765_124646849363406_8990609995405267311_n.jpeg","datePublished":"2022-12-08T16:20:24+00:00","dateModified":"2022-12-09T17:20:12+00:00","breadcrumb":{"@id":"https:\/\/asso-sozen.com\/index.php\/2022\/12\/08\/festival-des-bonnes-pratiques\/#breadcrumb"},"inLanguage":"fr-FR","potentialAction":[{"@type":"ReadAction","target":["https:\/\/asso-sozen.com\/index.php\/2022\/12\/08\/festival-des-bonnes-pratiques\/"]}]},{"@type":"ImageObject","inLanguage":"fr-FR","@id":"https:\/\/asso-sozen.com\/index.php\/2022\/12\/08\/festival-des-bonnes-pratiques\/#primaryimage","url":"https:\/\/asso-sozen.com\/wp-content\/uploads\/2022\/12\/119434765_124646849363406_8990609995405267311_n.jpeg","contentUrl":"https:\/\/asso-sozen.com\/wp-content\/uploads\/2022\/12\/119434765_124646849363406_8990609995405267311_n.jpeg","width":960,"height":720},{"@type":"BreadcrumbList","@id":"https:\/\/asso-sozen.com\/index.php\/2022\/12\/08\/festival-des-bonnes-pratiques\/#breadcrumb","itemListElement":[{"@type":"ListItem","position":1,"name":"Accueil","item":"https:\/\/asso-sozen.com\/"},{"@type":"ListItem","position":2,"name":"Non class\u00e9","item":"https:\/\/asso-sozen.com\/index.php\/non-classe\/"},{"@type":"ListItem","position":3,"name":"FESTIVAL DES BONNES PRATIQUES"}]},{"@type":"WebSite","@id":"https:\/\/asso-sozen.com\/#website","url":"https:\/\/asso-sozen.com\/","name":"SO&#039;Zen","description":"","publisher":{"@id":"https:\/\/asso-sozen.com\/#organization"},"potentialAction":[{"@type":"SearchAction","target":{"@type":"EntryPoint","urlTemplate":"https:\/\/asso-sozen.com\/?s={search_term_string}"},"query-input":{"@type":"PropertyValueSpecification","valueRequired":true,"valueName":"search_term_string"}}],"inLanguage":"fr-FR"},{"@type":"Organization","@id":"https:\/\/asso-sozen.com\/#organization","name":"SO&#039;Zen","url":"https:\/\/asso-sozen.com\/","logo":{"@type":"ImageObject","inLanguage":"fr-FR","@id":"https:\/\/asso-sozen.com\/#\/schema\/logo\/image\/","url":"https:\/\/asso-sozen.com\/wp-content\/uploads\/2020\/07\/cropped-logoSOZEN512-2.png","contentUrl":"https:\/\/asso-sozen.com\/wp-content\/uploads\/2020\/07\/cropped-logoSOZEN512-2.png","width":512,"height":289,"caption":"SO&#039;Zen"},"image":{"@id":"https:\/\/asso-sozen.com\/#\/schema\/logo\/image\/"}},{"@type":"Person","@id":"https:\/\/asso-sozen.com\/#\/schema\/person\/5447be38b9e8ec33a446c0273d8fdbdd","name":"So","image":{"@type":"ImageObject","inLanguage":"fr-FR","@id":"https:\/\/secure.gravatar.com\/avatar\/7913ed250f4c60a074e6d05ee1fe40c01301d2c3f778709568abfc6ed402b848?s=96&d=mm&r=g","url":"https:\/\/secure.gravatar.com\/avatar\/7913ed250f4c60a074e6d05ee1fe40c01301d2c3f778709568abfc6ed402b848?s=96&d=mm&r=g","contentUrl":"https:\/\/secure.gravatar.com\/avatar\/7913ed250f4c60a074e6d05ee1fe40c01301d2c3f778709568abfc6ed402b848?s=96&d=mm&r=g","caption":"So"},"url":"https:\/\/asso-sozen.com\/index.php\/author\/admin9093\/"}]}},"_links":{"self":[{"href":"https:\/\/asso-sozen.com\/index.php\/wp-json\/wp\/v2\/posts\/896","targetHints":{"allow":["GET"]}}],"collection":[{"href":"https:\/\/asso-sozen.com\/index.php\/wp-json\/wp\/v2\/posts"}],"about":[{"href":"https:\/\/asso-sozen.com\/index.php\/wp-json\/wp\/v2\/types\/post"}],"author":[{"embeddable":true,"href":"https:\/\/asso-sozen.com\/index.php\/wp-json\/wp\/v2\/users\/1"}],"replies":[{"embeddable":true,"href":"https:\/\/asso-sozen.com\/index.php\/wp-json\/wp\/v2\/comments?post=896"}],"version-history":[{"count":3,"href":"https:\/\/asso-sozen.com\/index.php\/wp-json\/wp\/v2\/posts\/896\/revisions"}],"predecessor-version":[{"id":906,"href":"https:\/\/asso-sozen.com\/index.php\/wp-json\/wp\/v2\/posts\/896\/revisions\/906"}],"wp:attachment":[{"href":"https:\/\/asso-sozen.com\/index.php\/wp-json\/wp\/v2\/media?parent=896"}],"wp:term":[{"taxonomy":"category","embeddable":true,"href":"https:\/\/asso-sozen.com\/index.php\/wp-json\/wp\/v2\/categories?post=896"},{"taxonomy":"post_tag","embeddable":true,"href":"https:\/\/asso-sozen.com\/index.php\/wp-json\/wp\/v2\/tags?post=896"}],"curies":[{"name":"wp","href":"https:\/\/api.w.org\/{rel}","templated":true}]}}